{"id":663,"date":"2021-11-04T15:32:52","date_gmt":"2021-11-04T14:32:52","guid":{"rendered":"https:\/\/apper.fr\/?p=663"},"modified":"2021-11-04T15:32:52","modified_gmt":"2021-11-04T14:32:52","slug":"pour-la-premiere-fois-un-apprenti-a-lapper","status":"publish","type":"post","link":"https:\/\/apper.fr\/?p=663","title":{"rendered":"POUR LA PREMI\u00c8RE FOIS, UN APPRENTI \u00c0 L\u2019APP\u00c9R."},"content":{"rendered":"\n<p>L\u2019App\u00e9r accueille pour une ann\u00e9e en apprentissage un jeune originaire de Petite \u00cele. Il s&rsquo;agit d\u2019Alexis ESPARON, il a 21 ans. Apr\u00e8s un BAC STAV (science et technologie de l\u2019agronomie et du vivant) et un BTS agricole, il pr\u00e9pare une licence professionnelle en alternance dans le secteur de l\u2019agriculture biologique. Il va travailler pour la promotion et la valorisation des races B\u0153uf moka et Cabri p\u00e9\u00ef dans la perspective d\u2019une fili\u00e8re viande biologique.<\/p>\n\n\n\n<p>Alexis a souhait\u00e9 aussi devenir adh\u00e9rent \u00e0 l\u2019App\u00e9r car il souhaite \u00eatre un membre actif de notre association dont il partage les valeurs morales et les objectifs de promotion du patrimoine r\u00e9unionnais.<\/p>\n\n\n\n<p>Bienvenue \u00e0 Alexis qui prend sa mission tr\u00e8s \u00e0 c\u0153ur.<\/p>\n\n\n\n<p>Ce recrutement est financ\u00e9 gr\u00e2ce \u00e0 l\u2019aide de l\u2019\u00c9tat et \u00e0 une convention avec le Conseil d\u00e9partemental.<\/p>\n\n\n\n<figure class=\"wp-block-image size-large\"><img loading=\"lazy\" width=\"768\" height=\"1024\" src=\"https:\/\/apper.fr\/wp-content\/uploads\/2021\/11\/received_4004374229663687-768x1024.jpeg\" alt=\"\" class=\"wp-image-673\" srcset=\"https:\/\/apper.fr\/wp-content\/uploads\/2021\/11\/received_4004374229663687-768x1024.jpeg 768w, https:\/\/apper.fr\/wp-content\/uploads\/2021\/11\/received_4004374229663687-225x300.jpeg 225w, https:\/\/apper.fr\/wp-content\/uploads\/2021\/11\/received_4004374229663687-1152x1536.jpeg 1152w, https:\/\/apper.fr\/wp-content\/uploads\/2021\/11\/received_4004374229663687.jpeg 1170w\" sizes=\"(max-width: 768px) 100vw, 768px\" \/><figcaption>Alexis en pleine action chez un \u00e9leveur de ch\u00e8vre p\u00e9\u00ef. Et oui il faut mettre la main \u00e0 la p\u00e2te lors des rencontres sur le terrain.<\/figcaption><\/figure>\n\n\n\n<figure class=\"wp-block-image size-large\"><img loading=\"lazy\" width=\"768\" height=\"1024\" src=\"https:\/\/apper.fr\/wp-content\/uploads\/2021\/11\/received_1305886589833165-768x1024.jpeg\" alt=\"\" class=\"wp-image-675\" srcset=\"https:\/\/apper.fr\/wp-content\/uploads\/2021\/11\/received_1305886589833165-768x1024.jpeg 768w, https:\/\/apper.fr\/wp-content\/uploads\/2021\/11\/received_1305886589833165-225x300.jpeg 225w, https:\/\/apper.fr\/wp-content\/uploads\/2021\/11\/received_1305886589833165-1152x1536.jpeg 1152w, https:\/\/apper.fr\/wp-content\/uploads\/2021\/11\/received_1305886589833165.jpeg 1170w\" sizes=\"(max-width: 768px) 100vw, 768px\" \/><\/figure>\n\n\n\n<p><\/p>\n","protected":false},"excerpt":{"rendered":"<p>L\u2019App\u00e9r accueille pour une ann\u00e9e en apprentissage un jeune originaire de Petite \u00cele. Il s&rsquo;agit d\u2019Alexis ESPARON, il a 21 ans. Apr\u00e8s un BAC STAV (science et technologie de l\u2019agronomie et du vivant) et un BTS agricole, il pr\u00e9pare une licence professionnelle en alternance dans le secteur de l\u2019agriculture biologique. Il va travailler pour la &hellip; <a href=\"https:\/\/apper.fr\/?p=663\" class=\"more-link\">Continuer la lecture de <span class=\"screen-reader-text\">POUR LA PREMI\u00c8RE FOIS, UN APPRENTI \u00c0 L\u2019APP\u00c9R.<\/span> <span class=\"meta-nav\">&rarr;<\/span><\/a><\/p>\n","protected":false},"author":1,"featured_media":0,"comment_status":"open","ping_status":"open","sticky":false,"template":"","format":"standard","meta":[],"categories":[1],"tags":[],"_links":{"self":[{"href":"https:\/\/apper.fr\/index.php?rest_route=\/wp\/v2\/posts\/663"}],"collection":[{"href":"https:\/\/apper.fr\/index.php?rest_route=\/wp\/v2\/posts"}],"about":[{"href":"https:\/\/apper.fr\/index.php?rest_route=\/wp\/v2\/types\/post"}],"author":[{"embeddable":true,"href":"https:\/\/apper.fr\/index.php?rest_route=\/wp\/v2\/users\/1"}],"replies":[{"embeddable":true,"href":"https:\/\/apper.fr\/index.php?rest_route=%2Fwp%2Fv2%2Fcomments&post=663"}],"version-history":[{"count":7,"href":"https:\/\/apper.fr\/index.php?rest_route=\/wp\/v2\/posts\/663\/revisions"}],"predecessor-version":[{"id":676,"href":"https:\/\/apper.fr\/index.php?rest_route=\/wp\/v2\/posts\/663\/revisions\/676"}],"wp:attachment":[{"href":"https:\/\/apper.fr\/index.php?rest_route=%2Fwp%2Fv2%2Fmedia&parent=663"}],"wp:term":[{"taxonomy":"category","embeddable":true,"href":"https:\/\/apper.fr\/index.php?rest_route=%2Fwp%2Fv2%2Fcategories&post=663"},{"taxonomy":"post_tag","embeddable":true,"href":"https:\/\/apper.fr\/index.php?rest_route=%2Fwp%2Fv2%2Ftags&post=663"}],"curies":[{"name":"wp","href":"https:\/\/api.w.org\/{rel}","templated":true}]}}